{"id":52,"date":"2024-01-12T13:59:06","date_gmt":"2024-01-12T13:59:06","guid":{"rendered":"https:\/\/unruffled-stonebraker.176-9-1-208.plesk.page\/?p=52"},"modified":"2024-01-12T14:06:12","modified_gmt":"2024-01-12T14:06:12","slug":"jahreshauptversammlung-2023","status":"publish","type":"post","link":"https:\/\/unruffled-stonebraker.176-9-1-208.plesk.page\/?p=52","title":{"rendered":"Jahreshauptversammlung 2023"},"content":{"rendered":"\n<p>Liebe Eltern, liebe Mitglieder,<br>wir laden Euch herzlich zur diesj\u00e4hrigen Hauptversammlung am 21. Juni 2023 um 20.00 Uhr in<br>die Mensa der Grundschule Weener ein.<br>Folgende Tagesordnungspunkte sind bisher eingeplant:<br>Tagesordnung<\/p>\n\n\n\n<ol class=\"wp-block-list\">\n<li>Begr\u00fc\u00dfung und Er\u00f6ffnung der Versammlung<\/li>\n\n\n\n<li>Feststellung der ordnungsgem\u00e4\u00dfen Ladung, Feststellung der Beschlussf\u00e4higkeit und<br>Bestimmung einer Protokollf\u00fchrerin bzw. eines Protokollf\u00fchrers<\/li>\n\n\n\n<li>Genehmigung der Protokolle der letzten Jahreshauptversammlung<\/li>\n\n\n\n<li>Bericht des Vorstandes<\/li>\n\n\n\n<li>Bericht des Kassenwartes<\/li>\n\n\n\n<li>Bericht der Kassenpr\u00fcfer<\/li>\n\n\n\n<li>Entlastung des Vorstandes<\/li>\n\n\n\n<li>Veranstaltungen<\/li>\n\n\n\n<li>Neuwahlen des Vorstands<\/li>\n\n\n\n<li>Antrag auf Satzungs\u00e4nderung: Beisitzer sind nicht zwingend erforderlich<\/li>\n\n\n\n<li>Beschlussfassung der vorliegenden Antr\u00e4ge<\/li>\n\n\n\n<li>Verschiedenes<\/li>\n<\/ol>\n\n\n\n<p>Sollten Eurerseits Tagesordnungspunkte gew\u00fcnscht sein, bitten wir um Antrag per E-Mail an<br><a href=\"mailto:info@foerderverein-grundschule-weener\">info@foerderverein-grundschule-weener<\/a><br>Wir freuen uns auf ein hoffentlich zahlreiches Erscheinen.<br>Der Vorstand<\/p>\n","protected":false},"excerpt":{"rendered":"<p>Liebe Eltern, liebe Mitglieder,wir laden Euch herzlich zur diesj\u00e4hrigen Hauptversammlung am 21. Juni 2023 um 20.00 Uhr indie Mensa der Grundschule Weener ein.Folgende Tagesordnungspunkte sind bisher eingeplant:Tagesordnung Sollten Eurerseits Tagesordnungspunkte gew\u00fcnscht sein, bitten wir um Antrag per E-Mail aninfo@foerderverein-grundschule-weenerWir freuen uns auf ein hoffentlich zahlreiches Erscheinen.Der Vorstand<\/p>\n","protected":false},"author":1,"featured_media":0,"comment_status":"closed","ping_status":"closed","sticky":false,"template":"","format":"standard","meta":{"_et_pb_use_builder":"off","_et_pb_old_content":"","_et_gb_content_width":"1080","footnotes":""},"categories":[4],"tags":[],"class_list":["post-52","post","type-post","status-publish","format-standard","hentry","category-jahreshauptversammlung"],"yoast_head":"<!-- This site is optimized with the Yoast SEO plugin v22.0 - https:\/\/yoast.com\/wordpress\/plugins\/seo\/ -->\n<title>Jahreshauptversammlung 2023 - F\u00f6rderverein GS Weener<\/title>\n<meta name=\"robots\" content=\"index, follow, max-snippet:-1, max-image-preview:large, max-video-preview:-1\" \/>\n<link rel=\"canonical\" href=\"https:\/\/unruffled-stonebraker.176-9-1-208.plesk.page\/?p=52\" \/>\n<meta property=\"og:locale\" content=\"de_DE\" \/>\n<meta property=\"og:type\" content=\"article\" \/>\n<meta property=\"og:title\" content=\"Jahreshauptversammlung 2023 - F\u00f6rderverein GS Weener\" \/>\n<meta property=\"og:description\" content=\"Liebe Eltern, liebe Mitglieder,wir laden Euch herzlich zur diesj\u00e4hrigen Hauptversammlung am 21. Juni 2023 um 20.00 Uhr indie Mensa der Grundschule Weener ein.Folgende Tagesordnungspunkte sind bisher eingeplant:Tagesordnung Sollten Eurerseits Tagesordnungspunkte gew\u00fcnscht sein, bitten wir um Antrag per E-Mail aninfo@foerderverein-grundschule-weenerWir freuen uns auf ein hoffentlich zahlreiches Erscheinen.Der Vorstand\" \/>\n<meta property=\"og:url\" content=\"https:\/\/unruffled-stonebraker.176-9-1-208.plesk.page\/?p=52\" \/>\n<meta property=\"og:site_name\" content=\"F\u00f6rderverein GS Weener\" \/>\n<meta property=\"article:published_time\" content=\"2024-01-12T13:59:06+00:00\" \/>\n<meta property=\"article:modified_time\" content=\"2024-01-12T14:06:12+00:00\" \/>\n<meta name=\"author\" content=\"admin\" \/>\n<meta name=\"twitter:card\" content=\"summary_large_image\" \/>\n<meta name=\"twitter:label1\" content=\"Verfasst von\" \/>\n\t<meta name=\"twitter:data1\" content=\"admin\" \/>\n\t<meta name=\"twitter:label2\" content=\"Gesch\u00e4tzte Lesezeit\" \/>\n\t<meta name=\"twitter:data2\" content=\"1\u00a0Minute\" \/>\n<script type=\"application\/ld+json\" class=\"yoast-schema-graph\">{\"@context\":\"https:\/\/schema.org\",\"@graph\":[{\"@type\":\"WebPage\",\"@id\":\"https:\/\/unruffled-stonebraker.176-9-1-208.plesk.page\/?p=52\",\"url\":\"https:\/\/unruffled-stonebraker.176-9-1-208.plesk.page\/?p=52\",\"name\":\"Jahreshauptversammlung 2023 - F\u00f6rderverein GS Weener\",\"isPartOf\":{\"@id\":\"https:\/\/unruffled-stonebraker.176-9-1-208.plesk.page\/#website\"},\"datePublished\":\"2024-01-12T13:59:06+00:00\",\"dateModified\":\"2024-01-12T14:06:12+00:00\",\"author\":{\"@id\":\"https:\/\/unruffled-stonebraker.176-9-1-208.plesk.page\/#\/schema\/person\/1b8e0831c591749d975b8eda9ac83f65\"},\"breadcrumb\":{\"@id\":\"https:\/\/unruffled-stonebraker.176-9-1-208.plesk.page\/?p=52#breadcrumb\"},\"inLanguage\":\"de\",\"potentialAction\":[{\"@type\":\"ReadAction\",\"target\":[\"https:\/\/unruffled-stonebraker.176-9-1-208.plesk.page\/?p=52\"]}]},{\"@type\":\"BreadcrumbList\",\"@id\":\"https:\/\/unruffled-stonebraker.176-9-1-208.plesk.page\/?p=52#breadcrumb\",\"itemListElement\":[{\"@type\":\"ListItem\",\"position\":1,\"name\":\"Startseite\",\"item\":\"https:\/\/unruffled-stonebraker.176-9-1-208.plesk.page\/\"},{\"@type\":\"ListItem\",\"position\":2,\"name\":\"Jahreshauptversammlung 2023\"}]},{\"@type\":\"WebSite\",\"@id\":\"https:\/\/unruffled-stonebraker.176-9-1-208.plesk.page\/#website\",\"url\":\"https:\/\/unruffled-stonebraker.176-9-1-208.plesk.page\/\",\"name\":\"F\u00f6rderverein GS Weener\",\"description\":\"\",\"potentialAction\":[{\"@type\":\"SearchAction\",\"target\":{\"@type\":\"EntryPoint\",\"urlTemplate\":\"https:\/\/unruffled-stonebraker.176-9-1-208.plesk.page\/?s={search_term_string}\"},\"query-input\":\"required name=search_term_string\"}],\"inLanguage\":\"de\"},{\"@type\":\"Person\",\"@id\":\"https:\/\/unruffled-stonebraker.176-9-1-208.plesk.page\/#\/schema\/person\/1b8e0831c591749d975b8eda9ac83f65\",\"name\":\"admin\",\"image\":{\"@type\":\"ImageObject\",\"inLanguage\":\"de\",\"@id\":\"https:\/\/unruffled-stonebraker.176-9-1-208.plesk.page\/#\/schema\/person\/image\/\",\"url\":\"https:\/\/secure.gravatar.com\/avatar\/b6fa1baf90bcd5dd2cfce986d515be958614584fb961ab456ac103b6111a15ac?s=96&d=mm&r=g\",\"contentUrl\":\"https:\/\/secure.gravatar.com\/avatar\/b6fa1baf90bcd5dd2cfce986d515be958614584fb961ab456ac103b6111a15ac?s=96&d=mm&r=g\",\"caption\":\"admin\"},\"sameAs\":[\"https:\/\/unruffled-stonebraker.176-9-1-208.plesk.page\"],\"url\":\"https:\/\/unruffled-stonebraker.176-9-1-208.plesk.page\/?author=1\"}]}<\/script>\n<!-- \/ Yoast SEO plugin. -->","yoast_head_json":{"title":"Jahreshauptversammlung 2023 - F\u00f6rderverein GS Weener","robots":{"index":"index","follow":"follow","max-snippet":"max-snippet:-1","max-image-preview":"max-image-preview:large","max-video-preview":"max-video-preview:-1"},"canonical":"https:\/\/unruffled-stonebraker.176-9-1-208.plesk.page\/?p=52","og_locale":"de_DE","og_type":"article","og_title":"Jahreshauptversammlung 2023 - F\u00f6rderverein GS Weener","og_description":"Liebe Eltern, liebe Mitglieder,wir laden Euch herzlich zur diesj\u00e4hrigen Hauptversammlung am 21. Juni 2023 um 20.00 Uhr indie Mensa der Grundschule Weener ein.Folgende Tagesordnungspunkte sind bisher eingeplant:Tagesordnung Sollten Eurerseits Tagesordnungspunkte gew\u00fcnscht sein, bitten wir um Antrag per E-Mail aninfo@foerderverein-grundschule-weenerWir freuen uns auf ein hoffentlich zahlreiches Erscheinen.Der Vorstand","og_url":"https:\/\/unruffled-stonebraker.176-9-1-208.plesk.page\/?p=52","og_site_name":"F\u00f6rderverein GS Weener","article_published_time":"2024-01-12T13:59:06+00:00","article_modified_time":"2024-01-12T14:06:12+00:00","author":"admin","twitter_card":"summary_large_image","twitter_misc":{"Verfasst von":"admin","Gesch\u00e4tzte Lesezeit":"1\u00a0Minute"},"schema":{"@context":"https:\/\/schema.org","@graph":[{"@type":"WebPage","@id":"https:\/\/unruffled-stonebraker.176-9-1-208.plesk.page\/?p=52","url":"https:\/\/unruffled-stonebraker.176-9-1-208.plesk.page\/?p=52","name":"Jahreshauptversammlung 2023 - F\u00f6rderverein GS Weener","isPartOf":{"@id":"https:\/\/unruffled-stonebraker.176-9-1-208.plesk.page\/#website"},"datePublished":"2024-01-12T13:59:06+00:00","dateModified":"2024-01-12T14:06:12+00:00","author":{"@id":"https:\/\/unruffled-stonebraker.176-9-1-208.plesk.page\/#\/schema\/person\/1b8e0831c591749d975b8eda9ac83f65"},"breadcrumb":{"@id":"https:\/\/unruffled-stonebraker.176-9-1-208.plesk.page\/?p=52#breadcrumb"},"inLanguage":"de","potentialAction":[{"@type":"ReadAction","target":["https:\/\/unruffled-stonebraker.176-9-1-208.plesk.page\/?p=52"]}]},{"@type":"BreadcrumbList","@id":"https:\/\/unruffled-stonebraker.176-9-1-208.plesk.page\/?p=52#breadcrumb","itemListElement":[{"@type":"ListItem","position":1,"name":"Startseite","item":"https:\/\/unruffled-stonebraker.176-9-1-208.plesk.page\/"},{"@type":"ListItem","position":2,"name":"Jahreshauptversammlung 2023"}]},{"@type":"WebSite","@id":"https:\/\/unruffled-stonebraker.176-9-1-208.plesk.page\/#website","url":"https:\/\/unruffled-stonebraker.176-9-1-208.plesk.page\/","name":"F\u00f6rderverein GS Weener","description":"","potentialAction":[{"@type":"SearchAction","target":{"@type":"EntryPoint","urlTemplate":"https:\/\/unruffled-stonebraker.176-9-1-208.plesk.page\/?s={search_term_string}"},"query-input":"required name=search_term_string"}],"inLanguage":"de"},{"@type":"Person","@id":"https:\/\/unruffled-stonebraker.176-9-1-208.plesk.page\/#\/schema\/person\/1b8e0831c591749d975b8eda9ac83f65","name":"admin","image":{"@type":"ImageObject","inLanguage":"de","@id":"https:\/\/unruffled-stonebraker.176-9-1-208.plesk.page\/#\/schema\/person\/image\/","url":"https:\/\/secure.gravatar.com\/avatar\/b6fa1baf90bcd5dd2cfce986d515be958614584fb961ab456ac103b6111a15ac?s=96&d=mm&r=g","contentUrl":"https:\/\/secure.gravatar.com\/avatar\/b6fa1baf90bcd5dd2cfce986d515be958614584fb961ab456ac103b6111a15ac?s=96&d=mm&r=g","caption":"admin"},"sameAs":["https:\/\/unruffled-stonebraker.176-9-1-208.plesk.page"],"url":"https:\/\/unruffled-stonebraker.176-9-1-208.plesk.page\/?author=1"}]}},"_links":{"self":[{"href":"https:\/\/unruffled-stonebraker.176-9-1-208.plesk.page\/index.php?rest_route=\/wp\/v2\/posts\/52","targetHints":{"allow":["GET"]}}],"collection":[{"href":"https:\/\/unruffled-stonebraker.176-9-1-208.plesk.page\/index.php?rest_route=\/wp\/v2\/posts"}],"about":[{"href":"https:\/\/unruffled-stonebraker.176-9-1-208.plesk.page\/index.php?rest_route=\/wp\/v2\/types\/post"}],"author":[{"embeddable":true,"href":"https:\/\/unruffled-stonebraker.176-9-1-208.plesk.page\/index.php?rest_route=\/wp\/v2\/users\/1"}],"replies":[{"embeddable":true,"href":"https:\/\/unruffled-stonebraker.176-9-1-208.plesk.page\/index.php?rest_route=%2Fwp%2Fv2%2Fcomments&post=52"}],"version-history":[{"count":2,"href":"https:\/\/unruffled-stonebraker.176-9-1-208.plesk.page\/index.php?rest_route=\/wp\/v2\/posts\/52\/revisions"}],"predecessor-version":[{"id":65,"href":"https:\/\/unruffled-stonebraker.176-9-1-208.plesk.page\/index.php?rest_route=\/wp\/v2\/posts\/52\/revisions\/65"}],"wp:attachment":[{"href":"https:\/\/unruffled-stonebraker.176-9-1-208.plesk.page\/index.php?rest_route=%2Fwp%2Fv2%2Fmedia&parent=52"}],"wp:term":[{"taxonomy":"category","embeddable":true,"href":"https:\/\/unruffled-stonebraker.176-9-1-208.plesk.page\/index.php?rest_route=%2Fwp%2Fv2%2Fcategories&post=52"},{"taxonomy":"post_tag","embeddable":true,"href":"https:\/\/unruffled-stonebraker.176-9-1-208.plesk.page\/index.php?rest_route=%2Fwp%2Fv2%2Ftags&post=52"}],"curies":[{"name":"wp","href":"https:\/\/api.w.org\/{rel}","templated":true}]}}